{"id":2876,"date":"2023-05-26T08:41:37","date_gmt":"2023-05-26T08:41:37","guid":{"rendered":"https:\/\/neskup.eus\/las-mujeres-tambien-tienen-su-sitio-en-la-fp-mas-tecnologica\/"},"modified":"2023-05-26T10:16:55","modified_gmt":"2023-05-26T10:16:55","slug":"las-mujeres-tambien-tienen-su-sitio-en-la-fp-mas-tecnologica","status":"publish","type":"post","link":"https:\/\/neskup.eus\/eu\/wassup-albisteak\/las-mujeres-tambien-tienen-su-sitio-en-la-fp-mas-tecnologica\/","title":{"rendered":"Las mujeres tambi\u00e9n tienen su sitio en la FP m\u00e1s tecnol\u00f3gica"},"content":{"rendered":"<h2>La presencia femenina en ciclos STEAM se sit\u00faa en el 24%, aunque el umbral desciende hasta el 12% en el sector industrial. Para darle una vuelta a esos porcentajes nace la iniciativa NeskUP!<\/h2>\n<p><span>Por Leire Fern\u00e1ndez<\/span><\/p>\n<p>Con motivo del D\u00eda Internacional de la Mujer, el pasado 8 de marzo vio la luz <b>NeskUP!<\/b>, una idea de la Formaci\u00f3n Profesional de Euskadi que re\u00fane a los centros de la red <b>Formaci\u00f3n Profesional<\/b> abantean Hetel y los centros p\u00fablicos de la red Ikaslan de Araba, Bizkaia y Gipuzkoa. En total, toman parte en este proyecto cerca de un centenar de centros de los tres territorios vascos.<\/p>\n<p>La mujer es todav\u00eda la gran ausente en la FP cient\u00edfica y tecnol\u00f3gica en Euskadi. A pesar de que estos ciclos ofrecen mayores oportunidades de empleo, mejores salarios y un mayor desarrollo profesional, la falta de vocaciones femeninas contin\u00faa siendo un problema que acent\u00faa la brecha de g\u00e9nero. La presencia de chicas en ciclos STEAM se sit\u00faa en el 24% mientras que en el sector industrial desciende hasta el 12%.<\/p>\n<p>Por ello, los centros formativos han decidido dar un paso adelante para tratar de acabar con esta desigualdad. \u00abEl compromiso de los centros por desarrollar acciones con el fin de incrementar el n\u00famero de mujeres matriculadas en familias profesionales STEAM es firme y concreto\u00bb, afirman desde Ikaslan. Y uno de los objetivos marcados es lograr aumentar hasta el 20% la inserci\u00f3n femenina en el sector industrial en 2027.<\/p>\n<p>Dentro de la iniciativa, impulsada desde el Departamento de Educaci\u00f3n a trav\u00e9s de su Viceconsejer\u00eda de FP del Gobierno vasco, los centros desarrollar\u00e1n tres acciones cada curso para fomentar las vocaciones cient\u00edficas y tecnol\u00f3gicas, superar la brecha de g\u00e9nero, sensibilizar sobre los estereotipos asociados a los ciclos de FP m\u00e1s masculinizados, reconocer el talento de las alumnas de FP en familias profesionales STEAM y mejorar la orientaci\u00f3n profesional. \u00abEsta iniciativa nace con la vocaci\u00f3n de convertirse en proyecto de referencia en el \u00e1mbito del fomento de las vocaciones STEAM\u00bb.<\/p>\n<style>.nu-testimonial-wrapper{background:#1B1523;color:#ECE6FF;padding:3vw;margin-top:20px;}<\/style>\n<div class=\"nu-testimonial-wrapper\">\n<h3>LEXURI URIARTE \u203a 19 A\u00d1OS. FP HIGIENE BUCODENTAL<\/h3>\n<p>Lexuri Uriarte lleg\u00f3 a FP en el centro Francisco de Vitoria sin saber muy bien cu\u00e1l era su camino. \u00abEntr\u00e9 en Auxiliar de Enfermer\u00eda, un FP de grado medio que no era mi primera opci\u00f3n, pero estaba bastante desmotivada con los estudios\u00bb. Lexuri no esperaba que ese grado que elegi\u00f3 un poco por descarte le llevar\u00eda a conseguir, nada m\u00e1s terminar el grado, su primer trabajo en la residencia \u00aben la que curs\u00e9 las pr\u00e1cticas y a la vez lo estuve compaginando con el hospital. Es un grado que recomiendo a todo el mundo, ya que te abre las puertas completamente al mundo laboral por su alta demanda\u00bb. Al terminar se decant\u00f3 por continuar sus estudios eligiendo Higiene Bucodental en el mismo centro. \u00abEra un paso m\u00e1s all\u00e1 para conseguir lo que nunca me hubiera imaginado, entrar en Enfermer\u00eda\u00bb. Tanto Auxiliar de Enfermer\u00eda como Higiene Bucodental son ciclos con vocaci\u00f3n cient\u00edfico-tecnol\u00f3gica, y en los que a diferencia de otros las mujeres son mayor\u00eda. \u00abTen\u00eda claro que quer\u00eda hacer algo relacionado con la salud, y mi abuela hizo tambi\u00e9n un ciclo medio de Auxiliar de Enfermer\u00eda as\u00ed que ella sab\u00eda las buenas salidas profesionales que ten\u00eda y siempre me lo recomend\u00f3\u00bb. Lexuri ve importante dar visibilidad a los ciclos STEAM. \u00abCada vez es m\u00e1s gente la que hace ciclos tanto de grado medio como superior y dir\u00eda que es un acierto, ya que en el \u00e1mbito profesional te ense\u00f1a a desenvolverte y te da unas herramientas que poca gente tiene a tan temprana edad\u00bb.<\/p>\n<\/div>\n<div class=\"nu-testimonial-wrapper\">\n<h3>VANESA BELVER \u203a 43 A\u00d1OS. FP CONTROL Y GESTI\u00d3N DE OBRAS DE CONSTRUCCI\u00d3N<\/h3>\n<p>El caso de Vanesa es un poco diferente del perfil habitual de estudiante de FP. Con 43 a\u00f1os, divorciada y madre de una adolescente, lleva los \u00faltimos 15 a\u00f1os trabajando en el sector de la construcci\u00f3n, y aunque es T\u00e9cnico Superior en Desarrollo de Proyectos Urban\u00edsticos y Operaciones Topogr\u00e1ficas, nunca ha ejercido y no hab\u00eda vuelto a estudiar. Sin embargo, a ra\u00edz de la pandemia se plante\u00f3 invertir sus tardes libres \u00aben algo m\u00e1s que en las tareas de casa y en ver series en Netflix\u00bb. La casualidad hizo que recibiera una llamada de secretar\u00eda de Eraiken CIFP Construcci\u00f3n LHII, que le explic\u00f3 en qu\u00e9 consist\u00edan los m\u00f3dulos superiores que hab\u00eda en ese momento. Y despu\u00e9s de darle unas vueltas, se anim\u00f3 a comenzar de nuevo a estudiar. \u00abPens\u00e9 que no ten\u00eda nada que perder&#8230; y s\u00ed mucho que demostrarme a m\u00ed misma, y ah\u00ed estoy\u00bb. Vanesa se decant\u00f3 por Control y Gesti\u00f3n de Obras de Construcci\u00f3n, \u00abporque est\u00e1 algo relacionado con el puesto que desempe\u00f1o en la empresa para la que trabajo desde hace 9 a\u00f1os y aunque comenz\u00f3 m\u00e1s como una motivaci\u00f3n personal me ha ayudado a aprender cosas nuevas que me sirven en mi empleo\u00bb. En su caso, con una adolescente empezando a plantearse su futuro en casa, su mensaje es a\u00fan m\u00e1s rotundo. \u00abLes dir\u00eda a las chicas que no se planteen hacer un ciclo cient\u00edfico-tecnol\u00f3gico, \u00a1que lo hagan! Como madre, en parte, me encantar\u00eda que mi hija tuviese los mejores estudios universitarios posibles, pero tengo claro una cosa, en el mercado laboral lo que realmente faltan son profesionales\u00bb.<\/p>\n<\/div>\n","protected":false},"excerpt":{"rendered":"<p>La presencia femenina en ciclos STEAM se sit\u00faa en el 24%, aunque el umbral desciende hasta el 12%<\/p>\n","protected":false},"author":1,"featured_media":2878,"comment_status":"closed","ping_status":"open","sticky":false,"template":"","format":"standard","meta":{"footnotes":""},"categories":[26],"tags":[],"class_list":["post-2876","post","type-post","status-publish","format-standard","has-post-thumbnail","hentry","category-wassup-albisteak"],"_links":{"self":[{"href":"https:\/\/neskup.eus\/eu\/wp-json\/wp\/v2\/posts\/2876","targetHints":{"allow":["GET"]}}],"collection":[{"href":"https:\/\/neskup.eus\/eu\/wp-json\/wp\/v2\/posts"}],"about":[{"href":"https:\/\/neskup.eus\/eu\/wp-json\/wp\/v2\/types\/post"}],"author":[{"embeddable":true,"href":"https:\/\/neskup.eus\/eu\/wp-json\/wp\/v2\/users\/1"}],"replies":[{"embeddable":true,"href":"https:\/\/neskup.eus\/eu\/wp-json\/wp\/v2\/comments?post=2876"}],"version-history":[{"count":1,"href":"https:\/\/neskup.eus\/eu\/wp-json\/wp\/v2\/posts\/2876\/revisions"}],"predecessor-version":[{"id":2879,"href":"https:\/\/neskup.eus\/eu\/wp-json\/wp\/v2\/posts\/2876\/revisions\/2879"}],"wp:featuredmedia":[{"embeddable":true,"href":"https:\/\/neskup.eus\/eu\/wp-json\/wp\/v2\/media\/2878"}],"wp:attachment":[{"href":"https:\/\/neskup.eus\/eu\/wp-json\/wp\/v2\/media?parent=2876"}],"wp:term":[{"taxonomy":"category","embeddable":true,"href":"https:\/\/neskup.eus\/eu\/wp-json\/wp\/v2\/categories?post=2876"},{"taxonomy":"post_tag","embeddable":true,"href":"https:\/\/neskup.eus\/eu\/wp-json\/wp\/v2\/tags?post=2876"}],"curies":[{"name":"wp","href":"https:\/\/api.w.org\/{rel}","templated":true}]}}